{"id":1889,"date":"2016-06-20T09:02:44","date_gmt":"2016-06-20T09:02:44","guid":{"rendered":"https:\/\/dermo.com\/?p=1889"},"modified":"2016-06-20T09:02:44","modified_gmt":"2016-06-20T09:02:44","slug":"voce-tem-uma-casa-com-personalidade","status":"publish","type":"post","link":"https:\/\/dermo.com\/pt\/voce-tem-uma-casa-com-personalidade\/","title":{"rendered":"Voc\u00ea tem uma casa com personalidade?"},"content":{"rendered":"<h2>O cheiro importa<\/h2>\n<p>A decora\u00e7\u00e3o, o som, a disposi\u00e7\u00e3o, a luz\u2026 S\u00e3o muitos os fatores que influenciam a atmosfera da nossa casa e um dos mais importantes \u00e9 o cheiro. Um aroma que nos identifica, que nos faz sentir em casa. Para que uma casa se torne nossa <strong>lar<\/strong> Deve ser acolhedor, n\u00e3o apenas aos olhos, mas a todos os nossos sentidos.<\/p>\n<p>Abrir janelas e ventilar pode ser uma solu\u00e7\u00e3o tempor\u00e1ria para renovar o ar, mas n\u00e3o manter\u00e1 o ambiente livre de odores ruins pelo resto do dia. <strong>O aroma de uma casa \u00e9 muito importante, principalmente para nos sentirmos confort\u00e1veis quando chegamos em casa depois de um longo dia de trabalho.<\/strong><strong>.<\/strong> Se nosso <strong>lar<\/strong> Ele tem um aroma pr\u00f3prio que nos far\u00e1 sentir confort\u00e1veis e relaxados, e at\u00e9 mesmo afetar\u00e1 positivamente nosso humor. Ele <strong>purificador de ar<\/strong> do nosso <strong>lar<\/strong> \u00c9 uma carta de apresenta\u00e7\u00e3o t\u00e3o importante quanto a limpeza ou a ordem.<\/p>\n<p>Por isso \u00e9 importante escolher uma ess\u00eancia que d\u00ea personalidade ao nosso lar, criando um ambiente agrad\u00e1vel e \u00fanico.<\/p>\n<p>&nbsp;<\/p>\n<h2>Encontre sua ess\u00eancia<\/h2>\n<p>N\u00e3o \u00e9 f\u00e1cil acertar <strong>purificador de ar<\/strong> para o <strong>lar<\/strong>, pois pode causar irrita\u00e7\u00e3o na garganta, dor de cabe\u00e7a ou desconforto. \u00c9 por isso que o <u>nova linha de tratamento de <strong>purificadores de ar<\/strong> Dermo<\/u> apresenta as principais tend\u00eancias da perfumaria atual, que se adaptam \u00e0s suas necessidades.<\/p>\n<p>Quando o ver\u00e3o se aproxima, os maus cheiros<\/p>\n<p><a href=\"https:\/\/dermo.com\/wp-content\/uploads\/2016\/06\/ambientadores-dermo.jpg\"><img fetchpriority=\"high\" decoding=\"async\" class=\"aligncenter wp-image-1894 size-full\" title=\"Ambientadores com ess\u00eancia \" src=\"https:\/\/dermo.com\/wp-content\/uploads\/2016\/06\/ambientadores-dermo.jpg\" alt=\"purificadores de ar dermo\" width=\"458\" height=\"458\" srcset=\"https:\/\/dermo.com\/wp-content\/uploads\/2016\/06\/ambientadores-dermo.jpg 458w, https:\/\/dermo.com\/wp-content\/uploads\/2016\/06\/ambientadores-dermo-300x300.jpg 300w, https:\/\/dermo.com\/wp-content\/uploads\/2016\/06\/ambientadores-dermo-150x150.jpg 150w, https:\/\/dermo.com\/wp-content\/uploads\/2016\/06\/ambientadores-dermo-12x12.jpg 12w, https:\/\/dermo.com\/wp-content\/uploads\/2016\/06\/ambientadores-dermo-100x100.jpg 100w\" sizes=\"(max-width: 458px) 100vw, 458px\" \/><\/a><\/p>\n<p>Eles est\u00e3o presentes em nossas casas por meio de roupas sujas, odores de lixo ou espa\u00e7os fechados. \u00c9 por isso que agora \u00e9 um \u00f3timo momento para apostar em um <strong>purificador de ar<\/strong> qualidade, para poder combater odores negativos em seu <strong>lar<\/strong>.<\/p>\n<p>De todos os cantos que temos em casa, o mais movimentado \u00e9, sem d\u00favida, a sala de estar. \u00c9 o espa\u00e7o que mais recebe visitas e por isso est\u00e1 sujeito a acumular odores e fragr\u00e2ncias dos nossos h\u00f3spedes e daqueles que trazemos de fora.<\/p>\n<p>Os cheiros podem ter milhares de nuances, tantas quantas a nossa personalidade revela. Existem aromas doces, salgados, florais, frescos, sensuais\u2026 Existe um aroma para cada canto da nossa casa e para cada momento da nossa vida. \u00c9 importante n\u00e3o ter pressa em comprar um <strong>purificador de ar<\/strong>, j\u00e1 que o primeiro cheiro \u00e9 sempre mais forte depois de alguns minutos. A melhor op\u00e7\u00e3o \u00e9 procurar um cheiro que seja agrad\u00e1vel, familiar e que, depois de alguns instantes, ainda nos pare\u00e7a bom.<\/p>\n<p><u>O <strong>purificadores de ar<\/strong> para o <strong>lar<\/strong> de Dermo<\/u> Eles deixam um toque de distin\u00e7\u00e3o e bom gosto em sua casa, para que seus convidados possam desfrutar de sua companhia e de um aroma elegante e pessoal. Com mais de 50 anos de experi\u00eancia, a Dermo continua investindo em P&amp;D para garantir que cada pessoa receba uma ess\u00eancia \u00fanica para sua pele. <strong>lar<\/strong>.<\/p>","protected":false},"excerpt":{"rendered":"<p>O aroma importa. Decora\u00e7\u00e3o, som, layout, ilumina\u00e7\u00e3o... H\u00e1 muitos fatores que influenciam a atmosfera da nossa casa, e um dos mais importantes \u00e9 o aroma. Um aroma que nos identifique, que nos fa\u00e7a sentir em casa. Para que uma casa se torne o nosso lar, ela precisa ser...&nbsp;<a href=\"https:\/\/dermo.com\/pt\/voce-tem-uma-casa-com-personalidade\/\" rel=\"bookmark\">Ler mais \u00bb<span class=\"screen-reader-text\">Voc\u00ea tem uma casa com personalidade?<\/span><\/a><\/p>","protected":false},"author":13,"featured_media":1890,"comment_status":"open","ping_status":"open","sticky":false,"template":"","format":"standard","meta":{"neve_meta_sidebar":"","neve_meta_container":"","neve_meta_enable_content_width":"","neve_meta_content_width":0,"neve_meta_title_alignment":"","neve_meta_author_avatar":"","neve_post_elements_order":"","neve_meta_disable_header":"","neve_meta_disable_footer":"","neve_meta_disable_title":"","footnotes":""},"categories":[405,398,396,397],"tags":[419,420,421,422,423,410],"class_list":["post-1889","post","type-post","status-publish","format-standard","has-post-thumbnail","hentry","category-ambientadores","category-consejos","category-novedades","category-sin-categoria","tag-ambientadores-barcelona","tag-ambientadores-madrid","tag-ambientadores-sabadell","tag-ambientadores-terrassa","tag-fabrica-de-ambientadores","tag-fabrica-de-detergentes-desengrasantes"],"yoast_head":"<!-- This site is optimized with the Yoast SEO plugin v27.0 - https:\/\/yoast.com\/product\/yoast-seo-wordpress\/ -->\n<title>\u00bfTienes un hogar con personalidad? - Dermo | F\u00e1brica de detergentes<\/title>\n<meta name=\"robots\" content=\"index, follow, max-snippet:-1, max-image-preview:large, max-video-preview:-1\" \/>\n<link rel=\"canonical\" href=\"https:\/\/dermo.com\/pt\/voce-tem-uma-casa-com-personalidade\/\" \/>\n<meta property=\"og:locale\" content=\"pt_PT\" \/>\n<meta property=\"og:type\" content=\"article\" \/>\n<meta property=\"og:title\" content=\"\u00bfTienes un hogar con personalidad? - Dermo | F\u00e1brica de detergentes\" \/>\n<meta property=\"og:description\" content=\"El olor importa La decoraci\u00f3n, el sonido, la distribuci\u00f3n, la luz&#8230; Hay muchos factores que influyen en el ambiente de nuestra casa y uno de los m\u00e1s importantes es el olor. Un olor que se identifique con nosotros, que nos haga sentir en casa. Par que una casa se convierta en nuestro hogar debe ser&hellip;&nbsp;Ler mais &raquo;\u00bfTienes un hogar con personalidad?\" \/>\n<meta property=\"og:url\" content=\"https:\/\/dermo.com\/pt\/voce-tem-uma-casa-com-personalidade\/\" \/>\n<meta property=\"og:site_name\" content=\"Dermo | F\u00e1brica de detergentes\" \/>\n<meta property=\"article:published_time\" content=\"2016-06-20T09:02:44+00:00\" \/>\n<meta property=\"og:image\" content=\"https:\/\/dermo.com\/wp-content\/uploads\/2016\/06\/ambientadores-dermo.jpg\" \/>\n<meta name=\"author\" content=\"Dermo\" \/>\n<meta name=\"twitter:card\" content=\"summary_large_image\" \/>\n<meta name=\"twitter:label1\" content=\"Escrito por\" \/>\n\t<meta name=\"twitter:data1\" content=\"Dermo\" \/>\n\t<meta name=\"twitter:label2\" content=\"Tempo estimado de leitura\" \/>\n\t<meta name=\"twitter:data2\" content=\"2 minutos\" \/>\n<script type=\"application\/ld+json\" class=\"yoast-schema-graph\">{\"@context\":\"https:\/\/schema.org\",\"@graph\":[{\"@type\":\"Article\",\"@id\":\"https:\/\/dermo.com\/tienes-un-hogar-con-personalidad\/#article\",\"isPartOf\":{\"@id\":\"https:\/\/dermo.com\/tienes-un-hogar-con-personalidad\/\"},\"author\":{\"name\":\"Dermo\",\"@id\":\"https:\/\/dermo.com\/#\/schema\/person\/ac27cc01a2f24a766f513d8767b7a9cc\"},\"headline\":\"\u00bfTienes un hogar con personalidad?\",\"datePublished\":\"2016-06-20T09:02:44+00:00\",\"mainEntityOfPage\":{\"@id\":\"https:\/\/dermo.com\/tienes-un-hogar-con-personalidad\/\"},\"wordCount\":484,\"commentCount\":0,\"image\":{\"@id\":\"https:\/\/dermo.com\/tienes-un-hogar-con-personalidad\/#primaryimage\"},\"thumbnailUrl\":\"https:\/\/dermo.com\/wp-content\/uploads\/2016\/06\/ambientadores-barcelona.jpg\",\"keywords\":[\"Ambientadores Barcelona\",\"Ambientadores Madrid\",\"Ambientadores Sabadell\",\"Ambientadores Terrassa\",\"F\u00e1brica de Ambientadores\",\"Fabrica de detergentes desengrasantes\"],\"articleSection\":[\"Ambientadores\",\"Consejos\",\"Novedades\",\"Todas\"],\"inLanguage\":\"pt-PT\"},{\"@type\":\"WebPage\",\"@id\":\"https:\/\/dermo.com\/tienes-un-hogar-con-personalidad\/\",\"url\":\"https:\/\/dermo.com\/tienes-un-hogar-con-personalidad\/\",\"name\":\"\u00bfTienes un hogar con personalidad? - Dermo | F\u00e1brica de detergentes\",\"isPartOf\":{\"@id\":\"https:\/\/dermo.com\/#website\"},\"primaryImageOfPage\":{\"@id\":\"https:\/\/dermo.com\/tienes-un-hogar-con-personalidad\/#primaryimage\"},\"image\":{\"@id\":\"https:\/\/dermo.com\/tienes-un-hogar-con-personalidad\/#primaryimage\"},\"thumbnailUrl\":\"https:\/\/dermo.com\/wp-content\/uploads\/2016\/06\/ambientadores-barcelona.jpg\",\"datePublished\":\"2016-06-20T09:02:44+00:00\",\"author\":{\"@id\":\"https:\/\/dermo.com\/#\/schema\/person\/ac27cc01a2f24a766f513d8767b7a9cc\"},\"breadcrumb\":{\"@id\":\"https:\/\/dermo.com\/tienes-un-hogar-con-personalidad\/#breadcrumb\"},\"inLanguage\":\"pt-PT\",\"potentialAction\":[{\"@type\":\"ReadAction\",\"target\":[\"https:\/\/dermo.com\/tienes-un-hogar-con-personalidad\/\"]}]},{\"@type\":\"ImageObject\",\"inLanguage\":\"pt-PT\",\"@id\":\"https:\/\/dermo.com\/tienes-un-hogar-con-personalidad\/#primaryimage\",\"url\":\"https:\/\/dermo.com\/wp-content\/uploads\/2016\/06\/ambientadores-barcelona.jpg\",\"contentUrl\":\"https:\/\/dermo.com\/wp-content\/uploads\/2016\/06\/ambientadores-barcelona.jpg\",\"width\":580,\"height\":400},{\"@type\":\"BreadcrumbList\",\"@id\":\"https:\/\/dermo.com\/tienes-un-hogar-con-personalidad\/#breadcrumb\",\"itemListElement\":[{\"@type\":\"ListItem\",\"position\":1,\"name\":\"Portada\",\"item\":\"https:\/\/dermo.com\/\"},{\"@type\":\"ListItem\",\"position\":2,\"name\":\"\u00bfTienes un hogar con personalidad?\"}]},{\"@type\":\"WebSite\",\"@id\":\"https:\/\/dermo.com\/#website\",\"url\":\"https:\/\/dermo.com\/\",\"name\":\"Dermo | F\u00e1brica de detergentes\",\"description\":\"Tecnolog\u00eda avanzada, investigaci\u00f3n y desarrollo, respeto por el medio ambiente, competencia, formaci\u00f3n constante y alto nivel de profesionalidad en nuestro equipo humano, empe\u00f1ado en preservar la calidad de vida, la protecci\u00f3n del entorno natural contin\u00faan motiv\u00e1ndonos para desarrollar en nuestros laboratorios nuevos productos con ingredientes activos altamente biodegradables que hacen posible un desarrollo sostenible.\",\"potentialAction\":[{\"@type\":\"SearchAction\",\"target\":{\"@type\":\"EntryPoint\",\"urlTemplate\":\"https:\/\/dermo.com\/?s={search_term_string}\"},\"query-input\":{\"@type\":\"PropertyValueSpecification\",\"valueRequired\":true,\"valueName\":\"search_term_string\"}}],\"inLanguage\":\"pt-PT\"},{\"@type\":\"Person\",\"@id\":\"https:\/\/dermo.com\/#\/schema\/person\/ac27cc01a2f24a766f513d8767b7a9cc\",\"name\":\"Dermo\",\"image\":{\"@type\":\"ImageObject\",\"inLanguage\":\"pt-PT\",\"@id\":\"https:\/\/dermo.com\/#\/schema\/person\/image\/\",\"url\":\"https:\/\/secure.gravatar.com\/avatar\/7eba6002b23dea60e0dc860bd97cde95790e225d6f8b1d4163c59346ee200999?s=96&d=mm&r=g\",\"contentUrl\":\"https:\/\/secure.gravatar.com\/avatar\/7eba6002b23dea60e0dc860bd97cde95790e225d6f8b1d4163c59346ee200999?s=96&d=mm&r=g\",\"caption\":\"Dermo\"},\"url\":\"https:\/\/dermo.com\/pt\/author\/dermo\/\"}]}<\/script>\n<!-- \/ Yoast SEO plugin. -->","yoast_head_json":{"title":"Voc\u00ea tem uma casa com personalidade? - Dermo | F\u00e1brica de detergentes","robots":{"index":"index","follow":"follow","max-snippet":"max-snippet:-1","max-image-preview":"max-image-preview:large","max-video-preview":"max-video-preview:-1"},"canonical":"https:\/\/dermo.com\/pt\/voce-tem-uma-casa-com-personalidade\/","og_locale":"pt_PT","og_type":"article","og_title":"\u00bfTienes un hogar con personalidad? - Dermo | F\u00e1brica de detergentes","og_description":"El olor importa La decoraci\u00f3n, el sonido, la distribuci\u00f3n, la luz&#8230; Hay muchos factores que influyen en el ambiente de nuestra casa y uno de los m\u00e1s importantes es el olor. Un olor que se identifique con nosotros, que nos haga sentir en casa. Par que una casa se convierta en nuestro hogar debe ser&hellip;&nbsp;Ler mais &raquo;\u00bfTienes un hogar con personalidad?","og_url":"https:\/\/dermo.com\/pt\/voce-tem-uma-casa-com-personalidade\/","og_site_name":"Dermo | F\u00e1brica de detergentes","article_published_time":"2016-06-20T09:02:44+00:00","og_image":[{"url":"https:\/\/dermo.com\/wp-content\/uploads\/2016\/06\/ambientadores-dermo.jpg","type":"","width":"","height":""}],"author":"Dermo","twitter_card":"summary_large_image","twitter_misc":{"Escrito por":"Dermo","Tempo estimado de leitura":"2 minutos"},"schema":{"@context":"https:\/\/schema.org","@graph":[{"@type":"Article","@id":"https:\/\/dermo.com\/tienes-un-hogar-con-personalidad\/#article","isPartOf":{"@id":"https:\/\/dermo.com\/tienes-un-hogar-con-personalidad\/"},"author":{"name":"Dermo","@id":"https:\/\/dermo.com\/#\/schema\/person\/ac27cc01a2f24a766f513d8767b7a9cc"},"headline":"\u00bfTienes un hogar con personalidad?","datePublished":"2016-06-20T09:02:44+00:00","mainEntityOfPage":{"@id":"https:\/\/dermo.com\/tienes-un-hogar-con-personalidad\/"},"wordCount":484,"commentCount":0,"image":{"@id":"https:\/\/dermo.com\/tienes-un-hogar-con-personalidad\/#primaryimage"},"thumbnailUrl":"https:\/\/dermo.com\/wp-content\/uploads\/2016\/06\/ambientadores-barcelona.jpg","keywords":["Ambientadores Barcelona","Ambientadores Madrid","Ambientadores Sabadell","Ambientadores Terrassa","F\u00e1brica de Ambientadores","Fabrica de detergentes desengrasantes"],"articleSection":["Ambientadores","Consejos","Novedades","Todas"],"inLanguage":"pt-PT"},{"@type":"WebPage","@id":"https:\/\/dermo.com\/tienes-un-hogar-con-personalidad\/","url":"https:\/\/dermo.com\/tienes-un-hogar-con-personalidad\/","name":"Voc\u00ea tem uma casa com personalidade? - Dermo | F\u00e1brica de detergentes","isPartOf":{"@id":"https:\/\/dermo.com\/#website"},"primaryImageOfPage":{"@id":"https:\/\/dermo.com\/tienes-un-hogar-con-personalidad\/#primaryimage"},"image":{"@id":"https:\/\/dermo.com\/tienes-un-hogar-con-personalidad\/#primaryimage"},"thumbnailUrl":"https:\/\/dermo.com\/wp-content\/uploads\/2016\/06\/ambientadores-barcelona.jpg","datePublished":"2016-06-20T09:02:44+00:00","author":{"@id":"https:\/\/dermo.com\/#\/schema\/person\/ac27cc01a2f24a766f513d8767b7a9cc"},"breadcrumb":{"@id":"https:\/\/dermo.com\/tienes-un-hogar-con-personalidad\/#breadcrumb"},"inLanguage":"pt-PT","potentialAction":[{"@type":"ReadAction","target":["https:\/\/dermo.com\/tienes-un-hogar-con-personalidad\/"]}]},{"@type":"ImageObject","inLanguage":"pt-PT","@id":"https:\/\/dermo.com\/tienes-un-hogar-con-personalidad\/#primaryimage","url":"https:\/\/dermo.com\/wp-content\/uploads\/2016\/06\/ambientadores-barcelona.jpg","contentUrl":"https:\/\/dermo.com\/wp-content\/uploads\/2016\/06\/ambientadores-barcelona.jpg","width":580,"height":400},{"@type":"BreadcrumbList","@id":"https:\/\/dermo.com\/tienes-un-hogar-con-personalidad\/#breadcrumb","itemListElement":[{"@type":"ListItem","position":1,"name":"Portada","item":"https:\/\/dermo.com\/"},{"@type":"ListItem","position":2,"name":"\u00bfTienes un hogar con personalidad?"}]},{"@type":"WebSite","@id":"https:\/\/dermo.com\/#website","url":"https:\/\/dermo.com\/","name":"Dermo | f\u00e1brica de detergentes","description":"A tecnologia avan\u00e7ada, a investiga\u00e7\u00e3o e desenvolvimento, o respeito pelo ambiente, a compet\u00eancia, a forma\u00e7\u00e3o constante e o elevado n\u00edvel de profissionalismo da nossa equipa humana, comprometida com a preserva\u00e7\u00e3o da qualidade de vida, a protec\u00e7\u00e3o do ambiente natural continuam a motivar-nos a desenvolver novos produtos nos nossos laborat\u00f3rios com princ\u00edpios ativos altamente biodegrad\u00e1veis que possibilitam o desenvolvimento sustent\u00e1vel.","potentialAction":[{"@type":"SearchAction","target":{"@type":"EntryPoint","urlTemplate":"https:\/\/dermo.com\/?s={search_term_string}"},"query-input":{"@type":"PropertyValueSpecification","valueRequired":true,"valueName":"search_term_string"}}],"inLanguage":"pt-PT"},{"@type":"Person","@id":"https:\/\/dermo.com\/#\/schema\/person\/ac27cc01a2f24a766f513d8767b7a9cc","name":"Dermo","image":{"@type":"ImageObject","inLanguage":"pt-PT","@id":"https:\/\/dermo.com\/#\/schema\/person\/image\/","url":"https:\/\/secure.gravatar.com\/avatar\/7eba6002b23dea60e0dc860bd97cde95790e225d6f8b1d4163c59346ee200999?s=96&d=mm&r=g","contentUrl":"https:\/\/secure.gravatar.com\/avatar\/7eba6002b23dea60e0dc860bd97cde95790e225d6f8b1d4163c59346ee200999?s=96&d=mm&r=g","caption":"Dermo"},"url":"https:\/\/dermo.com\/pt\/author\/dermo\/"}]}},"_links":{"self":[{"href":"https:\/\/dermo.com\/pt\/wp-json\/wp\/v2\/posts\/1889","targetHints":{"allow":["GET"]}}],"collection":[{"href":"https:\/\/dermo.com\/pt\/wp-json\/wp\/v2\/posts"}],"about":[{"href":"https:\/\/dermo.com\/pt\/wp-json\/wp\/v2\/types\/post"}],"author":[{"embeddable":true,"href":"https:\/\/dermo.com\/pt\/wp-json\/wp\/v2\/users\/13"}],"replies":[{"embeddable":true,"href":"https:\/\/dermo.com\/pt\/wp-json\/wp\/v2\/comments?post=1889"}],"version-history":[{"count":0,"href":"https:\/\/dermo.com\/pt\/wp-json\/wp\/v2\/posts\/1889\/revisions"}],"wp:featuredmedia":[{"embeddable":true,"href":"https:\/\/dermo.com\/pt\/wp-json\/wp\/v2\/media\/1890"}],"wp:attachment":[{"href":"https:\/\/dermo.com\/pt\/wp-json\/wp\/v2\/media?parent=1889"}],"wp:term":[{"taxonomy":"category","embeddable":true,"href":"https:\/\/dermo.com\/pt\/wp-json\/wp\/v2\/categories?post=1889"},{"taxonomy":"post_tag","embeddable":true,"href":"https:\/\/dermo.com\/pt\/wp-json\/wp\/v2\/tags?post=1889"}],"curies":[{"name":"wp","href":"https:\/\/api.w.org\/{rel}","templated":true}]}}