{"id":2230,"date":"2017-02-28T14:40:40","date_gmt":"2017-02-28T14:40:40","guid":{"rendered":"https:\/\/dermo.com\/?p=2230"},"modified":"2017-02-28T14:40:40","modified_gmt":"2017-02-28T14:40:40","slug":"dermo-cosmeticos-em-familia","status":"publish","type":"post","link":"https:\/\/dermo.com\/pt\/dermo-cosmeticos-em-familia\/","title":{"rendered":"Dermo: cosm\u00e9ticos para a fam\u00edlia"},"content":{"rendered":"<div class=\"comp ep-noticia-detalle\">\n<p>Eles publicaram um relat\u00f3rio sobre Dermo, por ocasi\u00e3o do 30\u00ba anivers\u00e1rio, <a href=\"http:\/\/hdjtbnd938hd\">em www.peri\u00f3dico.com<\/a>, na se\u00e7\u00e3o Economia, e queremos compartilhar com todos voc\u00eas.<\/p>\n<p><img fetchpriority=\"high\" decoding=\"async\" class=\"alignnone wp-image-2231 size-full\" title=\"Cosm\u00e9ticos familiares\" src=\"https:\/\/dermo.com\/wp-content\/uploads\/2017\/02\/julio-raquel-sarai-molinaderecha-padre-hijas-gerentes-empresa-dermo-1488038139088.jpg\" alt=\"Julho-Raquel-Sarai-Molina-Direito-Pai-Filhas-Gerentes-Empresa-Dermo-1488038139088\" width=\"1200\" height=\"773\" srcset=\"https:\/\/dermo.com\/wp-content\/uploads\/2017\/02\/julio-raquel-sarai-molinaderecha-padre-hijas-gerentes-empresa-dermo-1488038139088.jpg 1200w, https:\/\/dermo.com\/wp-content\/uploads\/2017\/02\/julio-raquel-sarai-molinaderecha-padre-hijas-gerentes-empresa-dermo-1488038139088-300x193.jpg 300w, https:\/\/dermo.com\/wp-content\/uploads\/2017\/02\/julio-raquel-sarai-molinaderecha-padre-hijas-gerentes-empresa-dermo-1488038139088-1024x660.jpg 1024w, https:\/\/dermo.com\/wp-content\/uploads\/2017\/02\/julio-raquel-sarai-molinaderecha-padre-hijas-gerentes-empresa-dermo-1488038139088-768x495.jpg 768w, https:\/\/dermo.com\/wp-content\/uploads\/2017\/02\/julio-raquel-sarai-molinaderecha-padre-hijas-gerentes-empresa-dermo-1488038139088-18x12.jpg 18w, https:\/\/dermo.com\/wp-content\/uploads\/2017\/02\/julio-raquel-sarai-molinaderecha-padre-hijas-gerentes-empresa-dermo-1488038139088-600x387.jpg 600w\" sizes=\"(max-width: 1200px) 100vw, 1200px\" \/><\/p>\n<h1>Dermo expande sua atua\u00e7\u00e3o no setor de produtos de beleza ap\u00f3s 30 anos de crescimento<\/h1>\n<div class=\"comp firma group\">\n<p class=\"autor\">ALBERT SEGURA \/ POLINY\u00c0<\/p>\n<\/div>\n<div class=\"comp separador\">DOMINGO, 26 DE FEVEREIRO DE 2017 \u2013 16:00 <abbr title=\"Hor\u00e1rio da Europa Central\">CET<\/abbr><\/div>\n<div class=\"comp cuerpo-noticia\">\n<p>Uma fam\u00edlia unida garante apoio e coes\u00e3o nos momentos bons e nos momentos dif\u00edceis. Portanto, iniciar um projeto e envolver os familiares pode ser garantia de sucesso. Esta \u00e9 a experi\u00eancia da fam\u00edlia Molina, criadora da marca de cosm\u00e9ticos <strong>Dermo<\/strong>, que desde Poliny\u00e0 escreve uma nova p\u00e1gina de sucesso em seus 30 anos de hist\u00f3ria gra\u00e7as aos seus primeiros passos na exporta\u00e7\u00e3o com novos produtos.<\/p>\n<p>A empresa foi criada em 1987 pelo seu atual diretor geral, <strong>J\u00falio Molina<\/strong>. &quot;Come\u00e7ou com duas pessoas e hoje somos 40, entre funcion\u00e1rios e colaboradores, e de uma instala\u00e7\u00e3o de 300 metros quadrados crescemos para 6.000&quot;, diz Sarai Molina, filha de Julio e CEO da empresa. Sarai e sua irm\u00e3 Raquel, respons\u00e1vel pela P&amp;D do neg\u00f3cio, conhecem a empresa desde crian\u00e7as.<\/p>\n<p>Localizada no parque industrial de Can Humet de Dalt, em Poliny\u00e0, a Dermo integra toda a sua produ\u00e7\u00e3o na f\u00e1brica de Vall\u00e8s, onde 100% do capital \u00e9 seu, com um faturamento de dois milh\u00f5es de euros. A Dermo conta com cerca de 200 refer\u00eancias, todas focadas em produtos para higiene profissional, de sabonetes a ambientadores.<\/p>\n<p>&quot;Dedicamos nossas vidas a transformar mat\u00e9rias-primas para fazer produtos, mas tamb\u00e9m fazemos personaliza\u00e7\u00e3o e embalagem&quot;, diz Molina. A partir daqui, o produto sempre chega ao cliente final por meio de grandes distribuidores, j\u00e1 que \u00e9 voltado para clientes profissionais de setores como hotelaria e restaura\u00e7\u00e3o.<\/p>\n<p>O crescimento da empresa a levou a desenvolver produtos como detergente em p\u00f3. &quot;Apenas um em cada dez produtores \u00e9 capaz de desenvolver esse tipo de produto devido \u00e0 complexidade tecnol\u00f3gica envolvida&quot;, diz Molina. Outro sucesso da empresa s\u00e3o os ambientadores especializados, que s\u00e3o distribu\u00eddos nas lojas para perfumar os ambientes.<\/p>\n<p>Agora, a empresa deu um passo adiante com a cria\u00e7\u00e3o de uma nova linha de neg\u00f3cios. &quot;Percebemos que em espa\u00e7os onde o nosso cliente t\u00edpico est\u00e1, como em resid\u00eancias para idosos ou centros educacionais ou religiosos, eles usam produtos que n\u00e3o t\u00ednhamos, como gel para m\u00e3os, xampu ou perfume, e estamos pensando em introduzir novas linhas&quot;, diz Molina.<\/p>\n<h1>NOVA GAMA DE PRODUTOS<\/h1>\n<p>Por esse motivo, foi criada uma gama de diferentes g\u00e9is de banho, xampus e g\u00e9is para as m\u00e3os, al\u00e9m de 16 perfumes de longa dura\u00e7\u00e3o para homens e mulheres, que j\u00e1 come\u00e7aram a ser exportados para Arg\u00e9lia, Rom\u00eania e Guin\u00e9 Equatorial.<\/p>\n<p>Este passo faz parte do Plano Estrat\u00e9gico que dever\u00e1 permitir a diversifica\u00e7\u00e3o da sua atividade, bem como impulsionar o crescimento da empresa a n\u00edvel nacional e internacional. A empresa j\u00e1 exporta para 34 pa\u00edses, onde seus produtos s\u00e3o entregues adaptados aos gostos e tend\u00eancias do p\u00fablico local.<\/p>\n<p>Espera-se que isso mantenha o sucesso do produto at\u00e9 a chegada da terceira gera\u00e7\u00e3o. &quot;Eles decidir\u00e3o o que querem ser quando crescerem, mas estamos animados que eles queiram vir aqui de vez em quando&quot;, brinca Molina. O<\/p>\n<\/div>\n<\/div>","protected":false},"excerpt":{"rendered":"<p>Publicaram uma reportagem sobre a Dermo, para comemorar seu 30\u00ba anivers\u00e1rio, na se\u00e7\u00e3o de Economia do site www.peri\u00f3dico.com, e gostar\u00edamos de compartilh\u00e1-la com todos voc\u00eas. A Dermo expande sua atua\u00e7\u00e3o no setor de produtos de beleza ap\u00f3s 30 anos de crescimento. ALBERT SEGURA \/ POLINY\u00c0 DOMINGO, 26 DE FEVEREIRO DE 2017 \u2013 16:00 CET Uma fam\u00edlia unida\u2026&nbsp;<a href=\"https:\/\/dermo.com\/pt\/dermo-cosmeticos-em-familia\/\" rel=\"bookmark\">Ler mais \u00bb<span class=\"screen-reader-text\">Dermo: cosm\u00e9ticos para a fam\u00edlia<\/span><\/a><\/p>","protected":false},"author":13,"featured_media":2231,"comment_status":"closed","ping_status":"open","sticky":false,"template":"","format":"standard","meta":{"neve_meta_sidebar":"","neve_meta_container":"","neve_meta_enable_content_width":"","neve_meta_content_width":0,"neve_meta_title_alignment":"","neve_meta_author_avatar":"","neve_post_elements_order":"","neve_meta_disable_header":"","neve_meta_disable_footer":"","neve_meta_disable_title":"","footnotes":""},"categories":[396,402,400,397],"tags":[478,411,442,410,413,441],"class_list":["post-2230","post","type-post","status-publish","format-standard","has-post-thumbnail","hentry","category-novedades","category-productos-de-limpieza","category-productos-ecologicos","category-sin-categoria","tag-30-aniversario-dermo","tag-detergente-desengrasante","tag-detergentes-ecologicos","tag-fabrica-de-detergentes-desengrasantes","tag-productos-ecologicos-ropa","tag-productos-limpieza-industria"],"yoast_head":"<!-- This site is optimized with the Yoast SEO plugin v27.0 - https:\/\/yoast.com\/product\/yoast-seo-wordpress\/ -->\n<title>Dermo: cosm\u00e9tica en familia - Dermo | F\u00e1brica de detergentes<\/title>\n<meta name=\"robots\" content=\"index, follow, max-snippet:-1, max-image-preview:large, max-video-preview:-1\" \/>\n<link rel=\"canonical\" href=\"https:\/\/dermo.com\/pt\/dermo-cosmeticos-em-familia\/\" \/>\n<meta property=\"og:locale\" content=\"pt_PT\" \/>\n<meta property=\"og:type\" content=\"article\" \/>\n<meta property=\"og:title\" content=\"Dermo: cosm\u00e9tica en familia - Dermo | F\u00e1brica de detergentes\" \/>\n<meta property=\"og:description\" content=\"Han publicado un reportaje sobre\u00a0Dermo, en motivo del 30 aniversario, en el www.peri\u00f3dico.com, en la secci\u00f3n de Econom\u00eda, y queremos compartirlo con todos vosotros. Dermo\u00a0ampl\u00eda su actividad en el sector de productos de belleza tras 30 a\u00f1os de crecimiento ALBERT SEGURA \/ POLINY\u00c0 DOMINGO, 26 DE FEBRERO DEL 2017 &#8211; 16:00 CET Una familia unida&hellip;&nbsp;Ler mais &raquo;Dermo: cosm\u00e9tica en familia\" \/>\n<meta property=\"og:url\" content=\"https:\/\/dermo.com\/pt\/dermo-cosmeticos-em-familia\/\" \/>\n<meta property=\"og:site_name\" content=\"Dermo | F\u00e1brica de detergentes\" \/>\n<meta property=\"article:published_time\" content=\"2017-02-28T14:40:40+00:00\" \/>\n<meta property=\"og:image\" content=\"https:\/\/dermo.com\/wp-content\/uploads\/2017\/02\/julio-raquel-sarai-molinaderecha-padre-hijas-gerentes-empresa-dermo-1488038139088.jpg\" \/>\n<meta name=\"author\" content=\"Dermo\" \/>\n<meta name=\"twitter:card\" content=\"summary_large_image\" \/>\n<meta name=\"twitter:label1\" content=\"Escrito por\" \/>\n\t<meta name=\"twitter:data1\" content=\"Dermo\" \/>\n\t<meta name=\"twitter:label2\" content=\"Tempo estimado de leitura\" \/>\n\t<meta name=\"twitter:data2\" content=\"3 minutos\" \/>\n<script type=\"application\/ld+json\" class=\"yoast-schema-graph\">{\"@context\":\"https:\/\/schema.org\",\"@graph\":[{\"@type\":\"Article\",\"@id\":\"https:\/\/dermo.com\/dermo-cosmetica-en-familia\/#article\",\"isPartOf\":{\"@id\":\"https:\/\/dermo.com\/dermo-cosmetica-en-familia\/\"},\"author\":{\"name\":\"Dermo\",\"@id\":\"https:\/\/dermo.com\/#\/schema\/person\/ac27cc01a2f24a766f513d8767b7a9cc\"},\"headline\":\"Dermo: cosm\u00e9tica en familia\",\"datePublished\":\"2017-02-28T14:40:40+00:00\",\"mainEntityOfPage\":{\"@id\":\"https:\/\/dermo.com\/dermo-cosmetica-en-familia\/\"},\"wordCount\":588,\"image\":{\"@id\":\"https:\/\/dermo.com\/dermo-cosmetica-en-familia\/#primaryimage\"},\"thumbnailUrl\":\"https:\/\/dermo.com\/wp-content\/uploads\/2017\/02\/julio-raquel-sarai-molinaderecha-padre-hijas-gerentes-empresa-dermo-1488038139088.jpg\",\"keywords\":[\"30 aniversario Dermo\",\"detergente desengrasante\",\"detergentes ecol\u00f3gicos\",\"Fabrica de detergentes desengrasantes\",\"Productos ecol\u00f3gicos ropa\",\"productos limpieza industria\"],\"articleSection\":[\"Novedades\",\"Productos de limpieza\",\"Productos ecol\u00f3gicos\",\"Todas\"],\"inLanguage\":\"pt-PT\"},{\"@type\":\"WebPage\",\"@id\":\"https:\/\/dermo.com\/dermo-cosmetica-en-familia\/\",\"url\":\"https:\/\/dermo.com\/dermo-cosmetica-en-familia\/\",\"name\":\"Dermo: cosm\u00e9tica en familia - Dermo | F\u00e1brica de detergentes\",\"isPartOf\":{\"@id\":\"https:\/\/dermo.com\/#website\"},\"primaryImageOfPage\":{\"@id\":\"https:\/\/dermo.com\/dermo-cosmetica-en-familia\/#primaryimage\"},\"image\":{\"@id\":\"https:\/\/dermo.com\/dermo-cosmetica-en-familia\/#primaryimage\"},\"thumbnailUrl\":\"https:\/\/dermo.com\/wp-content\/uploads\/2017\/02\/julio-raquel-sarai-molinaderecha-padre-hijas-gerentes-empresa-dermo-1488038139088.jpg\",\"datePublished\":\"2017-02-28T14:40:40+00:00\",\"author\":{\"@id\":\"https:\/\/dermo.com\/#\/schema\/person\/ac27cc01a2f24a766f513d8767b7a9cc\"},\"breadcrumb\":{\"@id\":\"https:\/\/dermo.com\/dermo-cosmetica-en-familia\/#breadcrumb\"},\"inLanguage\":\"pt-PT\",\"potentialAction\":[{\"@type\":\"ReadAction\",\"target\":[\"https:\/\/dermo.com\/dermo-cosmetica-en-familia\/\"]}]},{\"@type\":\"ImageObject\",\"inLanguage\":\"pt-PT\",\"@id\":\"https:\/\/dermo.com\/dermo-cosmetica-en-familia\/#primaryimage\",\"url\":\"https:\/\/dermo.com\/wp-content\/uploads\/2017\/02\/julio-raquel-sarai-molinaderecha-padre-hijas-gerentes-empresa-dermo-1488038139088.jpg\",\"contentUrl\":\"https:\/\/dermo.com\/wp-content\/uploads\/2017\/02\/julio-raquel-sarai-molinaderecha-padre-hijas-gerentes-empresa-dermo-1488038139088.jpg\",\"width\":1200,\"height\":773},{\"@type\":\"BreadcrumbList\",\"@id\":\"https:\/\/dermo.com\/dermo-cosmetica-en-familia\/#breadcrumb\",\"itemListElement\":[{\"@type\":\"ListItem\",\"position\":1,\"name\":\"Portada\",\"item\":\"https:\/\/dermo.com\/\"},{\"@type\":\"ListItem\",\"position\":2,\"name\":\"Dermo: cosm\u00e9tica en familia\"}]},{\"@type\":\"WebSite\",\"@id\":\"https:\/\/dermo.com\/#website\",\"url\":\"https:\/\/dermo.com\/\",\"name\":\"Dermo | F\u00e1brica de detergentes\",\"description\":\"Tecnolog\u00eda avanzada, investigaci\u00f3n y desarrollo, respeto por el medio ambiente, competencia, formaci\u00f3n constante y alto nivel de profesionalidad en nuestro equipo humano, empe\u00f1ado en preservar la calidad de vida, la protecci\u00f3n del entorno natural contin\u00faan motiv\u00e1ndonos para desarrollar en nuestros laboratorios nuevos productos con ingredientes activos altamente biodegradables que hacen posible un desarrollo sostenible.\",\"potentialAction\":[{\"@type\":\"SearchAction\",\"target\":{\"@type\":\"EntryPoint\",\"urlTemplate\":\"https:\/\/dermo.com\/?s={search_term_string}\"},\"query-input\":{\"@type\":\"PropertyValueSpecification\",\"valueRequired\":true,\"valueName\":\"search_term_string\"}}],\"inLanguage\":\"pt-PT\"},{\"@type\":\"Person\",\"@id\":\"https:\/\/dermo.com\/#\/schema\/person\/ac27cc01a2f24a766f513d8767b7a9cc\",\"name\":\"Dermo\",\"image\":{\"@type\":\"ImageObject\",\"inLanguage\":\"pt-PT\",\"@id\":\"https:\/\/dermo.com\/#\/schema\/person\/image\/\",\"url\":\"https:\/\/secure.gravatar.com\/avatar\/7eba6002b23dea60e0dc860bd97cde95790e225d6f8b1d4163c59346ee200999?s=96&d=mm&r=g\",\"contentUrl\":\"https:\/\/secure.gravatar.com\/avatar\/7eba6002b23dea60e0dc860bd97cde95790e225d6f8b1d4163c59346ee200999?s=96&d=mm&r=g\",\"caption\":\"Dermo\"},\"url\":\"https:\/\/dermo.com\/pt\/author\/dermo\/\"}]}<\/script>\n<!-- \/ Yoast SEO plugin. -->","yoast_head_json":{"title":"Dermo: cosm\u00e9ticos familiares - Dermo | F\u00e1brica de detergentes","robots":{"index":"index","follow":"follow","max-snippet":"max-snippet:-1","max-image-preview":"max-image-preview:large","max-video-preview":"max-video-preview:-1"},"canonical":"https:\/\/dermo.com\/pt\/dermo-cosmeticos-em-familia\/","og_locale":"pt_PT","og_type":"article","og_title":"Dermo: cosm\u00e9tica en familia - Dermo | F\u00e1brica de detergentes","og_description":"Han publicado un reportaje sobre\u00a0Dermo, en motivo del 30 aniversario, en el www.peri\u00f3dico.com, en la secci\u00f3n de Econom\u00eda, y queremos compartirlo con todos vosotros. Dermo\u00a0ampl\u00eda su actividad en el sector de productos de belleza tras 30 a\u00f1os de crecimiento ALBERT SEGURA \/ POLINY\u00c0 DOMINGO, 26 DE FEBRERO DEL 2017 &#8211; 16:00 CET Una familia unida&hellip;&nbsp;Ler mais &raquo;Dermo: cosm\u00e9tica en familia","og_url":"https:\/\/dermo.com\/pt\/dermo-cosmeticos-em-familia\/","og_site_name":"Dermo | F\u00e1brica de detergentes","article_published_time":"2017-02-28T14:40:40+00:00","og_image":[{"url":"https:\/\/dermo.com\/wp-content\/uploads\/2017\/02\/julio-raquel-sarai-molinaderecha-padre-hijas-gerentes-empresa-dermo-1488038139088.jpg","type":"","width":"","height":""}],"author":"Dermo","twitter_card":"summary_large_image","twitter_misc":{"Escrito por":"Dermo","Tempo estimado de leitura":"3 minutos"},"schema":{"@context":"https:\/\/schema.org","@graph":[{"@type":"Article","@id":"https:\/\/dermo.com\/dermo-cosmetica-en-familia\/#article","isPartOf":{"@id":"https:\/\/dermo.com\/dermo-cosmetica-en-familia\/"},"author":{"name":"Dermo","@id":"https:\/\/dermo.com\/#\/schema\/person\/ac27cc01a2f24a766f513d8767b7a9cc"},"headline":"Dermo: cosm\u00e9tica en familia","datePublished":"2017-02-28T14:40:40+00:00","mainEntityOfPage":{"@id":"https:\/\/dermo.com\/dermo-cosmetica-en-familia\/"},"wordCount":588,"image":{"@id":"https:\/\/dermo.com\/dermo-cosmetica-en-familia\/#primaryimage"},"thumbnailUrl":"https:\/\/dermo.com\/wp-content\/uploads\/2017\/02\/julio-raquel-sarai-molinaderecha-padre-hijas-gerentes-empresa-dermo-1488038139088.jpg","keywords":["30 aniversario Dermo","detergente desengrasante","detergentes ecol\u00f3gicos","Fabrica de detergentes desengrasantes","Productos ecol\u00f3gicos ropa","productos limpieza industria"],"articleSection":["Novedades","Productos de limpieza","Productos ecol\u00f3gicos","Todas"],"inLanguage":"pt-PT"},{"@type":"WebPage","@id":"https:\/\/dermo.com\/dermo-cosmetica-en-familia\/","url":"https:\/\/dermo.com\/dermo-cosmetica-en-familia\/","name":"Dermo: cosm\u00e9ticos familiares - Dermo | F\u00e1brica de detergentes","isPartOf":{"@id":"https:\/\/dermo.com\/#website"},"primaryImageOfPage":{"@id":"https:\/\/dermo.com\/dermo-cosmetica-en-familia\/#primaryimage"},"image":{"@id":"https:\/\/dermo.com\/dermo-cosmetica-en-familia\/#primaryimage"},"thumbnailUrl":"https:\/\/dermo.com\/wp-content\/uploads\/2017\/02\/julio-raquel-sarai-molinaderecha-padre-hijas-gerentes-empresa-dermo-1488038139088.jpg","datePublished":"2017-02-28T14:40:40+00:00","author":{"@id":"https:\/\/dermo.com\/#\/schema\/person\/ac27cc01a2f24a766f513d8767b7a9cc"},"breadcrumb":{"@id":"https:\/\/dermo.com\/dermo-cosmetica-en-familia\/#breadcrumb"},"inLanguage":"pt-PT","potentialAction":[{"@type":"ReadAction","target":["https:\/\/dermo.com\/dermo-cosmetica-en-familia\/"]}]},{"@type":"ImageObject","inLanguage":"pt-PT","@id":"https:\/\/dermo.com\/dermo-cosmetica-en-familia\/#primaryimage","url":"https:\/\/dermo.com\/wp-content\/uploads\/2017\/02\/julio-raquel-sarai-molinaderecha-padre-hijas-gerentes-empresa-dermo-1488038139088.jpg","contentUrl":"https:\/\/dermo.com\/wp-content\/uploads\/2017\/02\/julio-raquel-sarai-molinaderecha-padre-hijas-gerentes-empresa-dermo-1488038139088.jpg","width":1200,"height":773},{"@type":"BreadcrumbList","@id":"https:\/\/dermo.com\/dermo-cosmetica-en-familia\/#breadcrumb","itemListElement":[{"@type":"ListItem","position":1,"name":"Portada","item":"https:\/\/dermo.com\/"},{"@type":"ListItem","position":2,"name":"Dermo: cosm\u00e9tica en familia"}]},{"@type":"WebSite","@id":"https:\/\/dermo.com\/#website","url":"https:\/\/dermo.com\/","name":"Dermo | f\u00e1brica de detergentes","description":"A tecnologia avan\u00e7ada, a investiga\u00e7\u00e3o e desenvolvimento, o respeito pelo ambiente, a compet\u00eancia, a forma\u00e7\u00e3o constante e o elevado n\u00edvel de profissionalismo da nossa equipa humana, comprometida com a preserva\u00e7\u00e3o da qualidade de vida, a protec\u00e7\u00e3o do ambiente natural continuam a motivar-nos a desenvolver novos produtos nos nossos laborat\u00f3rios com princ\u00edpios ativos altamente biodegrad\u00e1veis que possibilitam o desenvolvimento sustent\u00e1vel.","potentialAction":[{"@type":"SearchAction","target":{"@type":"EntryPoint","urlTemplate":"https:\/\/dermo.com\/?s={search_term_string}"},"query-input":{"@type":"PropertyValueSpecification","valueRequired":true,"valueName":"search_term_string"}}],"inLanguage":"pt-PT"},{"@type":"Person","@id":"https:\/\/dermo.com\/#\/schema\/person\/ac27cc01a2f24a766f513d8767b7a9cc","name":"Dermo","image":{"@type":"ImageObject","inLanguage":"pt-PT","@id":"https:\/\/dermo.com\/#\/schema\/person\/image\/","url":"https:\/\/secure.gravatar.com\/avatar\/7eba6002b23dea60e0dc860bd97cde95790e225d6f8b1d4163c59346ee200999?s=96&d=mm&r=g","contentUrl":"https:\/\/secure.gravatar.com\/avatar\/7eba6002b23dea60e0dc860bd97cde95790e225d6f8b1d4163c59346ee200999?s=96&d=mm&r=g","caption":"Dermo"},"url":"https:\/\/dermo.com\/pt\/author\/dermo\/"}]}},"_links":{"self":[{"href":"https:\/\/dermo.com\/pt\/wp-json\/wp\/v2\/posts\/2230","targetHints":{"allow":["GET"]}}],"collection":[{"href":"https:\/\/dermo.com\/pt\/wp-json\/wp\/v2\/posts"}],"about":[{"href":"https:\/\/dermo.com\/pt\/wp-json\/wp\/v2\/types\/post"}],"author":[{"embeddable":true,"href":"https:\/\/dermo.com\/pt\/wp-json\/wp\/v2\/users\/13"}],"replies":[{"embeddable":true,"href":"https:\/\/dermo.com\/pt\/wp-json\/wp\/v2\/comments?post=2230"}],"version-history":[{"count":0,"href":"https:\/\/dermo.com\/pt\/wp-json\/wp\/v2\/posts\/2230\/revisions"}],"wp:featuredmedia":[{"embeddable":true,"href":"https:\/\/dermo.com\/pt\/wp-json\/wp\/v2\/media\/2231"}],"wp:attachment":[{"href":"https:\/\/dermo.com\/pt\/wp-json\/wp\/v2\/media?parent=2230"}],"wp:term":[{"taxonomy":"category","embeddable":true,"href":"https:\/\/dermo.com\/pt\/wp-json\/wp\/v2\/categories?post=2230"},{"taxonomy":"post_tag","embeddable":true,"href":"https:\/\/dermo.com\/pt\/wp-json\/wp\/v2\/tags?post=2230"}],"curies":[{"name":"wp","href":"https:\/\/api.w.org\/{rel}","templated":true}]}}