{"id":2401,"date":"2017-05-08T13:56:37","date_gmt":"2017-05-08T13:56:37","guid":{"rendered":"https:\/\/dermo.com\/?p=2401"},"modified":"2017-05-08T13:56:37","modified_gmt":"2017-05-08T13:56:37","slug":"dermo-ira-exportar-sua-marca-organica-naturgreen-para-a-europa","status":"publish","type":"post","link":"https:\/\/dermo.com\/pt\/dermo-ira-exportar-sua-marca-organica-naturgreen-para-a-europa\/","title":{"rendered":"Dermo exportar\u00e1 sua marca org\u00e2nica Naturgreen para a Europa"},"content":{"rendered":"<div class=\"unit c100\">\u00a0A empresa catal\u00e3 Dermo, sediada no pol\u00edgono industrial Can Humet de Dalt em Poliny\u00e0 (Barcelona) e dedicada \u00e0 fabrica\u00e7\u00e3o de produtos de higiene, aprovou um plano de expans\u00e3o para exportar sua marca de detergentes ecol\u00f3gicos Naturgreen para v\u00e1rios pa\u00edses europeus.<\/div>\n<div class=\"unit c75 last\">\n<div class=\"comp cuerpo-noticia\">\n<p align=\"justify\">Os detergentes ecol\u00f3gicos da Dermo s\u00e3o biodegrad\u00e1veis, pois s\u00e3o feitos de ingredientes naturais, n\u00e3o cont\u00eam fosfatos ou elementos t\u00f3xicos ou prejudiciais e s\u00e3o feitos de ingredientes sustent\u00e1veis que contribuem para melhorar e proteger o meio ambiente, disse a empresa em um comunicado na ter\u00e7a-feira.<\/p>\n<div class=\"teads-inread sm-screen\">\u00a0No ano passado, a Dermo faturou dois milh\u00f5es de euros e exporta para mais de 30 pa\u00edses, sendo que as vendas externas representam 401% da sua produ\u00e7\u00e3o.<\/div>\n<p align=\"justify\">Fonte: <a href=\"http:\/\/www.elperiodico.com\/es\/noticias\/politica\/dermo-exportara-marca-ecologica-naturgreen-europa-6010624\">elperiodico.com<\/a><\/p>\n<\/div>\n<\/div>","protected":false},"excerpt":{"rendered":"<p>\u00a0A empresa catal\u00e3 Dermo, com sede no parque industrial de Can Humet de Dalt, em Poliny\u00e0 (Barcelona), e dedicada \u00e0 fabrica\u00e7\u00e3o de produtos de higiene, aprovou um plano de expans\u00e3o para exportar sua marca Naturgreen de detergentes ecol\u00f3gicos para diversos pa\u00edses europeus. Os detergentes ecol\u00f3gicos da Dermo s\u00e3o biodegrad\u00e1veis em 90%,\u2026&nbsp;<a href=\"https:\/\/dermo.com\/pt\/dermo-ira-exportar-sua-marca-organica-naturgreen-para-a-europa\/\" rel=\"bookmark\">Ler mais \u00bb<span class=\"screen-reader-text\">Dermo exportar\u00e1 sua marca org\u00e2nica Naturgreen para a Europa<\/span><\/a><\/p>","protected":false},"author":13,"featured_media":2403,"comment_status":"closed","ping_status":"open","sticky":false,"template":"","format":"standard","meta":{"neve_meta_sidebar":"","neve_meta_container":"","neve_meta_enable_content_width":"","neve_meta_content_width":0,"neve_meta_title_alignment":"","neve_meta_author_avatar":"","neve_post_elements_order":"","neve_meta_disable_header":"","neve_meta_disable_footer":"","neve_meta_disable_title":"","footnotes":""},"categories":[402,400,397],"tags":[492,493,474,443],"class_list":["post-2401","post","type-post","status-publish","format-standard","has-post-thumbnail","hentry","category-productos-de-limpieza","category-productos-ecologicos","category-sin-categoria","tag-marca-ecologica","tag-marca-ecologica-naturgreen","tag-naturgreen","tag-productos-ecologicos"],"yoast_head":"<!-- This site is optimized with the Yoast SEO plugin v27.0 - https:\/\/yoast.com\/product\/yoast-seo-wordpress\/ -->\n<title>Dermo exportar\u00e1 su marca ecol\u00f3gica Naturgreen a Europa - Dermo | F\u00e1brica de detergentes<\/title>\n<meta name=\"robots\" content=\"index, follow, max-snippet:-1, max-image-preview:large, max-video-preview:-1\" \/>\n<link rel=\"canonical\" href=\"https:\/\/dermo.com\/pt\/dermo-ira-exportar-sua-marca-organica-naturgreen-para-a-europa\/\" \/>\n<meta property=\"og:locale\" content=\"pt_PT\" \/>\n<meta property=\"og:type\" content=\"article\" \/>\n<meta property=\"og:title\" content=\"Dermo exportar\u00e1 su marca ecol\u00f3gica Naturgreen a Europa - Dermo | F\u00e1brica de detergentes\" \/>\n<meta property=\"og:description\" content=\"\u00a0La empresa catalana Dermo, con sede en el pol\u00edgono industrial Can Humet de Dalt de Poliny\u00e0 (Barcelona) y dedicada a la fabricaci\u00f3n de productos para la higiene, ha aprobado un plan de expansi\u00f3n para exportar su marca de detergentes ecol\u00f3gicos Naturgreen a diversos pa\u00edses europeos. Los detergentes ecol\u00f3gicos de Dermo son biodegradables en un 90%,&hellip;&nbsp;Ler mais &raquo;Dermo exportar\u00e1 su marca ecol\u00f3gica Naturgreen a Europa\" \/>\n<meta property=\"og:url\" content=\"https:\/\/dermo.com\/pt\/dermo-ira-exportar-sua-marca-organica-naturgreen-para-a-europa\/\" \/>\n<meta property=\"og:site_name\" content=\"Dermo | F\u00e1brica de detergentes\" \/>\n<meta property=\"article:published_time\" content=\"2017-05-08T13:56:37+00:00\" \/>\n<meta name=\"author\" content=\"Dermo\" \/>\n<meta name=\"twitter:card\" content=\"summary_large_image\" \/>\n<meta name=\"twitter:label1\" content=\"Escrito por\" \/>\n\t<meta name=\"twitter:data1\" content=\"Dermo\" \/>\n\t<meta name=\"twitter:label2\" content=\"Tempo estimado de leitura\" \/>\n\t<meta name=\"twitter:data2\" content=\"1 minuto\" \/>\n<script type=\"application\/ld+json\" class=\"yoast-schema-graph\">{\"@context\":\"https:\/\/schema.org\",\"@graph\":[{\"@type\":\"Article\",\"@id\":\"https:\/\/dermo.com\/dermo-exportara-su-marca-ecologica-naturgreen-a-europa\/#article\",\"isPartOf\":{\"@id\":\"https:\/\/dermo.com\/dermo-exportara-su-marca-ecologica-naturgreen-a-europa\/\"},\"author\":{\"name\":\"Dermo\",\"@id\":\"https:\/\/dermo.com\/#\/schema\/person\/ac27cc01a2f24a766f513d8767b7a9cc\"},\"headline\":\"Dermo exportar\u00e1 su marca ecol\u00f3gica Naturgreen a Europa\",\"datePublished\":\"2017-05-08T13:56:37+00:00\",\"mainEntityOfPage\":{\"@id\":\"https:\/\/dermo.com\/dermo-exportara-su-marca-ecologica-naturgreen-a-europa\/\"},\"wordCount\":136,\"image\":{\"@id\":\"https:\/\/dermo.com\/dermo-exportara-su-marca-ecologica-naturgreen-a-europa\/#primaryimage\"},\"thumbnailUrl\":\"https:\/\/dermo.com\/wp-content\/uploads\/2017\/05\/facana-687x687-1.jpg\",\"keywords\":[\"marca ecol\u00f3gica\",\"marca ecol\u00f3gica Naturgreen\",\"Naturgreen\",\"productos ecol\u00f3gicos\"],\"articleSection\":[\"Productos de limpieza\",\"Productos ecol\u00f3gicos\",\"Todas\"],\"inLanguage\":\"pt-PT\"},{\"@type\":\"WebPage\",\"@id\":\"https:\/\/dermo.com\/dermo-exportara-su-marca-ecologica-naturgreen-a-europa\/\",\"url\":\"https:\/\/dermo.com\/dermo-exportara-su-marca-ecologica-naturgreen-a-europa\/\",\"name\":\"Dermo exportar\u00e1 su marca ecol\u00f3gica Naturgreen a Europa - Dermo | F\u00e1brica de detergentes\",\"isPartOf\":{\"@id\":\"https:\/\/dermo.com\/#website\"},\"primaryImageOfPage\":{\"@id\":\"https:\/\/dermo.com\/dermo-exportara-su-marca-ecologica-naturgreen-a-europa\/#primaryimage\"},\"image\":{\"@id\":\"https:\/\/dermo.com\/dermo-exportara-su-marca-ecologica-naturgreen-a-europa\/#primaryimage\"},\"thumbnailUrl\":\"https:\/\/dermo.com\/wp-content\/uploads\/2017\/05\/facana-687x687-1.jpg\",\"datePublished\":\"2017-05-08T13:56:37+00:00\",\"author\":{\"@id\":\"https:\/\/dermo.com\/#\/schema\/person\/ac27cc01a2f24a766f513d8767b7a9cc\"},\"breadcrumb\":{\"@id\":\"https:\/\/dermo.com\/dermo-exportara-su-marca-ecologica-naturgreen-a-europa\/#breadcrumb\"},\"inLanguage\":\"pt-PT\",\"potentialAction\":[{\"@type\":\"ReadAction\",\"target\":[\"https:\/\/dermo.com\/dermo-exportara-su-marca-ecologica-naturgreen-a-europa\/\"]}]},{\"@type\":\"ImageObject\",\"inLanguage\":\"pt-PT\",\"@id\":\"https:\/\/dermo.com\/dermo-exportara-su-marca-ecologica-naturgreen-a-europa\/#primaryimage\",\"url\":\"https:\/\/dermo.com\/wp-content\/uploads\/2017\/05\/facana-687x687-1.jpg\",\"contentUrl\":\"https:\/\/dermo.com\/wp-content\/uploads\/2017\/05\/facana-687x687-1.jpg\",\"width\":687,\"height\":687},{\"@type\":\"BreadcrumbList\",\"@id\":\"https:\/\/dermo.com\/dermo-exportara-su-marca-ecologica-naturgreen-a-europa\/#breadcrumb\",\"itemListElement\":[{\"@type\":\"ListItem\",\"position\":1,\"name\":\"Portada\",\"item\":\"https:\/\/dermo.com\/\"},{\"@type\":\"ListItem\",\"position\":2,\"name\":\"Dermo exportar\u00e1 su marca ecol\u00f3gica Naturgreen a Europa\"}]},{\"@type\":\"WebSite\",\"@id\":\"https:\/\/dermo.com\/#website\",\"url\":\"https:\/\/dermo.com\/\",\"name\":\"Dermo | F\u00e1brica de detergentes\",\"description\":\"Tecnolog\u00eda avanzada, investigaci\u00f3n y desarrollo, respeto por el medio ambiente, competencia, formaci\u00f3n constante y alto nivel de profesionalidad en nuestro equipo humano, empe\u00f1ado en preservar la calidad de vida, la protecci\u00f3n del entorno natural contin\u00faan motiv\u00e1ndonos para desarrollar en nuestros laboratorios nuevos productos con ingredientes activos altamente biodegradables que hacen posible un desarrollo sostenible.\",\"potentialAction\":[{\"@type\":\"SearchAction\",\"target\":{\"@type\":\"EntryPoint\",\"urlTemplate\":\"https:\/\/dermo.com\/?s={search_term_string}\"},\"query-input\":{\"@type\":\"PropertyValueSpecification\",\"valueRequired\":true,\"valueName\":\"search_term_string\"}}],\"inLanguage\":\"pt-PT\"},{\"@type\":\"Person\",\"@id\":\"https:\/\/dermo.com\/#\/schema\/person\/ac27cc01a2f24a766f513d8767b7a9cc\",\"name\":\"Dermo\",\"image\":{\"@type\":\"ImageObject\",\"inLanguage\":\"pt-PT\",\"@id\":\"https:\/\/dermo.com\/#\/schema\/person\/image\/\",\"url\":\"https:\/\/secure.gravatar.com\/avatar\/7eba6002b23dea60e0dc860bd97cde95790e225d6f8b1d4163c59346ee200999?s=96&d=mm&r=g\",\"contentUrl\":\"https:\/\/secure.gravatar.com\/avatar\/7eba6002b23dea60e0dc860bd97cde95790e225d6f8b1d4163c59346ee200999?s=96&d=mm&r=g\",\"caption\":\"Dermo\"},\"url\":\"https:\/\/dermo.com\/pt\/author\/dermo\/\"}]}<\/script>\n<!-- \/ Yoast SEO plugin. -->","yoast_head_json":{"title":"Dermo exportar\u00e1 sua marca org\u00e2nica Naturgreen para a Europa - Dermo | F\u00e1brica de detergentes","robots":{"index":"index","follow":"follow","max-snippet":"max-snippet:-1","max-image-preview":"max-image-preview:large","max-video-preview":"max-video-preview:-1"},"canonical":"https:\/\/dermo.com\/pt\/dermo-ira-exportar-sua-marca-organica-naturgreen-para-a-europa\/","og_locale":"pt_PT","og_type":"article","og_title":"Dermo exportar\u00e1 su marca ecol\u00f3gica Naturgreen a Europa - Dermo | F\u00e1brica de detergentes","og_description":"\u00a0La empresa catalana Dermo, con sede en el pol\u00edgono industrial Can Humet de Dalt de Poliny\u00e0 (Barcelona) y dedicada a la fabricaci\u00f3n de productos para la higiene, ha aprobado un plan de expansi\u00f3n para exportar su marca de detergentes ecol\u00f3gicos Naturgreen a diversos pa\u00edses europeos. Los detergentes ecol\u00f3gicos de Dermo son biodegradables en un 90%,&hellip;&nbsp;Ler mais &raquo;Dermo exportar\u00e1 su marca ecol\u00f3gica Naturgreen a Europa","og_url":"https:\/\/dermo.com\/pt\/dermo-ira-exportar-sua-marca-organica-naturgreen-para-a-europa\/","og_site_name":"Dermo | F\u00e1brica de detergentes","article_published_time":"2017-05-08T13:56:37+00:00","author":"Dermo","twitter_card":"summary_large_image","twitter_misc":{"Escrito por":"Dermo","Tempo estimado de leitura":"1 minuto"},"schema":{"@context":"https:\/\/schema.org","@graph":[{"@type":"Article","@id":"https:\/\/dermo.com\/dermo-exportara-su-marca-ecologica-naturgreen-a-europa\/#article","isPartOf":{"@id":"https:\/\/dermo.com\/dermo-exportara-su-marca-ecologica-naturgreen-a-europa\/"},"author":{"name":"Dermo","@id":"https:\/\/dermo.com\/#\/schema\/person\/ac27cc01a2f24a766f513d8767b7a9cc"},"headline":"Dermo exportar\u00e1 su marca ecol\u00f3gica Naturgreen a Europa","datePublished":"2017-05-08T13:56:37+00:00","mainEntityOfPage":{"@id":"https:\/\/dermo.com\/dermo-exportara-su-marca-ecologica-naturgreen-a-europa\/"},"wordCount":136,"image":{"@id":"https:\/\/dermo.com\/dermo-exportara-su-marca-ecologica-naturgreen-a-europa\/#primaryimage"},"thumbnailUrl":"https:\/\/dermo.com\/wp-content\/uploads\/2017\/05\/facana-687x687-1.jpg","keywords":["marca ecol\u00f3gica","marca ecol\u00f3gica Naturgreen","Naturgreen","productos ecol\u00f3gicos"],"articleSection":["Productos de limpieza","Productos ecol\u00f3gicos","Todas"],"inLanguage":"pt-PT"},{"@type":"WebPage","@id":"https:\/\/dermo.com\/dermo-exportara-su-marca-ecologica-naturgreen-a-europa\/","url":"https:\/\/dermo.com\/dermo-exportara-su-marca-ecologica-naturgreen-a-europa\/","name":"Dermo exportar\u00e1 sua marca org\u00e2nica Naturgreen para a Europa - Dermo | F\u00e1brica de detergentes","isPartOf":{"@id":"https:\/\/dermo.com\/#website"},"primaryImageOfPage":{"@id":"https:\/\/dermo.com\/dermo-exportara-su-marca-ecologica-naturgreen-a-europa\/#primaryimage"},"image":{"@id":"https:\/\/dermo.com\/dermo-exportara-su-marca-ecologica-naturgreen-a-europa\/#primaryimage"},"thumbnailUrl":"https:\/\/dermo.com\/wp-content\/uploads\/2017\/05\/facana-687x687-1.jpg","datePublished":"2017-05-08T13:56:37+00:00","author":{"@id":"https:\/\/dermo.com\/#\/schema\/person\/ac27cc01a2f24a766f513d8767b7a9cc"},"breadcrumb":{"@id":"https:\/\/dermo.com\/dermo-exportara-su-marca-ecologica-naturgreen-a-europa\/#breadcrumb"},"inLanguage":"pt-PT","potentialAction":[{"@type":"ReadAction","target":["https:\/\/dermo.com\/dermo-exportara-su-marca-ecologica-naturgreen-a-europa\/"]}]},{"@type":"ImageObject","inLanguage":"pt-PT","@id":"https:\/\/dermo.com\/dermo-exportara-su-marca-ecologica-naturgreen-a-europa\/#primaryimage","url":"https:\/\/dermo.com\/wp-content\/uploads\/2017\/05\/facana-687x687-1.jpg","contentUrl":"https:\/\/dermo.com\/wp-content\/uploads\/2017\/05\/facana-687x687-1.jpg","width":687,"height":687},{"@type":"BreadcrumbList","@id":"https:\/\/dermo.com\/dermo-exportara-su-marca-ecologica-naturgreen-a-europa\/#breadcrumb","itemListElement":[{"@type":"ListItem","position":1,"name":"Portada","item":"https:\/\/dermo.com\/"},{"@type":"ListItem","position":2,"name":"Dermo exportar\u00e1 su marca ecol\u00f3gica Naturgreen a Europa"}]},{"@type":"WebSite","@id":"https:\/\/dermo.com\/#website","url":"https:\/\/dermo.com\/","name":"Dermo | f\u00e1brica de detergentes","description":"A tecnologia avan\u00e7ada, a investiga\u00e7\u00e3o e desenvolvimento, o respeito pelo ambiente, a compet\u00eancia, a forma\u00e7\u00e3o constante e o elevado n\u00edvel de profissionalismo da nossa equipa humana, comprometida com a preserva\u00e7\u00e3o da qualidade de vida, a protec\u00e7\u00e3o do ambiente natural continuam a motivar-nos a desenvolver novos produtos nos nossos laborat\u00f3rios com princ\u00edpios ativos altamente biodegrad\u00e1veis que possibilitam o desenvolvimento sustent\u00e1vel.","potentialAction":[{"@type":"SearchAction","target":{"@type":"EntryPoint","urlTemplate":"https:\/\/dermo.com\/?s={search_term_string}"},"query-input":{"@type":"PropertyValueSpecification","valueRequired":true,"valueName":"search_term_string"}}],"inLanguage":"pt-PT"},{"@type":"Person","@id":"https:\/\/dermo.com\/#\/schema\/person\/ac27cc01a2f24a766f513d8767b7a9cc","name":"Dermo","image":{"@type":"ImageObject","inLanguage":"pt-PT","@id":"https:\/\/dermo.com\/#\/schema\/person\/image\/","url":"https:\/\/secure.gravatar.com\/avatar\/7eba6002b23dea60e0dc860bd97cde95790e225d6f8b1d4163c59346ee200999?s=96&d=mm&r=g","contentUrl":"https:\/\/secure.gravatar.com\/avatar\/7eba6002b23dea60e0dc860bd97cde95790e225d6f8b1d4163c59346ee200999?s=96&d=mm&r=g","caption":"Dermo"},"url":"https:\/\/dermo.com\/pt\/author\/dermo\/"}]}},"_links":{"self":[{"href":"https:\/\/dermo.com\/pt\/wp-json\/wp\/v2\/posts\/2401","targetHints":{"allow":["GET"]}}],"collection":[{"href":"https:\/\/dermo.com\/pt\/wp-json\/wp\/v2\/posts"}],"about":[{"href":"https:\/\/dermo.com\/pt\/wp-json\/wp\/v2\/types\/post"}],"author":[{"embeddable":true,"href":"https:\/\/dermo.com\/pt\/wp-json\/wp\/v2\/users\/13"}],"replies":[{"embeddable":true,"href":"https:\/\/dermo.com\/pt\/wp-json\/wp\/v2\/comments?post=2401"}],"version-history":[{"count":0,"href":"https:\/\/dermo.com\/pt\/wp-json\/wp\/v2\/posts\/2401\/revisions"}],"wp:featuredmedia":[{"embeddable":true,"href":"https:\/\/dermo.com\/pt\/wp-json\/wp\/v2\/media\/2403"}],"wp:attachment":[{"href":"https:\/\/dermo.com\/pt\/wp-json\/wp\/v2\/media?parent=2401"}],"wp:term":[{"taxonomy":"category","embeddable":true,"href":"https:\/\/dermo.com\/pt\/wp-json\/wp\/v2\/categories?post=2401"},{"taxonomy":"post_tag","embeddable":true,"href":"https:\/\/dermo.com\/pt\/wp-json\/wp\/v2\/tags?post=2401"}],"curies":[{"name":"wp","href":"https:\/\/api.w.org\/{rel}","templated":true}]}}