{"id":8019,"date":"2021-07-02T05:25:46","date_gmt":"2021-07-02T05:25:46","guid":{"rendered":"https:\/\/dermo.com\/?p=8019"},"modified":"2021-07-02T05:25:46","modified_gmt":"2021-07-02T05:25:46","slug":"a-importancia-dos-ambientadores-profissionais-em-escritorios-e-empresas","status":"publish","type":"post","link":"https:\/\/dermo.com\/pt\/a-importancia-dos-ambientadores-profissionais-em-escritorios-e-empresas\/","title":{"rendered":"A import\u00e2ncia dos ambientadores profissionais em escrit\u00f3rios e empresas"},"content":{"rendered":"<p>Hoje em dia, purificadores de ar s\u00e3o encontrados em quase todos os lugares: em casas, carros e ambientes de trabalho de todos os tipos. Fragr\u00e2ncias frutadas e c\u00edtricas transformam banheiros e escrit\u00f3rios em ambientes limpos e frescos. Isso deu grande popularidade ao <a href=\"\/pt\/?p=5486\" target=\"_blank\" rel=\"noopener noreferrer\">purificadores de ar profissionais,<\/a> que pode ser facilmente instalado em qualquer lugar onde uma fragr\u00e2ncia agrad\u00e1vel seja desejada, incluindo grandes espa\u00e7os como salas de reuni\u00e3o, \u00e1reas de recep\u00e7\u00e3o, hot\u00e9is, showrooms, escrit\u00f3rios ou lojas.<\/p>\n<p>Mas a necessidade de <strong>purificadores de ar profissionais<\/strong> vai al\u00e9m de um cheiro agrad\u00e1vel no espa\u00e7o. Nos \u00faltimos anos, tem havido uma conscientiza\u00e7\u00e3o crescente entre empresas comerciais de todos os tipos de que a satisfa\u00e7\u00e3o dos funcion\u00e1rios e clientes s\u00e3o quest\u00f5es complexas que se relacionam diretamente com a aten\u00e7\u00e3o das instala\u00e7\u00f5es \u00e0 limpeza e higiene e envolvem todos os sentidos. Quer estejamos falando de uma pequena loja, de um quarto de hotel ou de um espa\u00e7o de reuni\u00e3o de empresa, ter um cheiro agrad\u00e1vel e caracter\u00edstico no ar \u00e9 uma grande vantagem.<\/p>\n<h2>Al\u00e9m de um cheiro agrad\u00e1vel<\/h2>\n<p>O olfato \u00e9 o nosso primeiro contato com um espa\u00e7o, por isso as empresas est\u00e3o cada vez mais atentas ao marketing olfativo. Ele afirma que as fragr\u00e2ncias nos permitem estabelecer la\u00e7os emocionais e evocar nossas mem\u00f3rias. Os purificadores de ar h\u00e1 muito tempo fazem parte do setor residencial e s\u00e3o amplamente utilizados em shopping centers, escrit\u00f3rios, showrooms, instala\u00e7\u00f5es de sa\u00fade e muitos outros ambientes comerciais.<\/p>\n<p>Cientistas apontam que 75% nossas emo\u00e7\u00f5es s\u00e3o afetadas pelo cheiro, ent\u00e3o reserve um tempo para selecionar o <strong>purificadores de ar profissionais<\/strong> da nossa empresa \u00e9 uma tarefa necess\u00e1ria, sendo este o aroma que criar\u00e1 uma conex\u00e3o com nossos clientes ou pessoas que visitam o local, buscando criar uma experi\u00eancia agrad\u00e1vel.<\/p>\n<p>O <strong>purificadores de ar profissionais<\/strong> Eles t\u00eam o poder de melhorar o humor e o moral dos funcion\u00e1rios e potenciais clientes. Uma dose revigorante de lim\u00e3o ou hortel\u00e3 pode melhorar os n\u00edveis de energia e o moral quase imediatamente. Apresentar um cheiro agrad\u00e1vel em nossos espa\u00e7os pode cativar potenciais clientes, que se sentir\u00e3o mais felizes nos espa\u00e7os e permanecer\u00e3o neles por mais tempo, aumentando assim as chances de compra.<\/p>\n<p>Cuidar de cada detalhe, tendo o aroma como elemento diferenciador da concorr\u00eancia, certamente criar\u00e1 uma experi\u00eancia perfeita. Os potenciais compradores perceber\u00e3o nossos produtos positivamente e criaremos fidelidade e melhoraremos a experi\u00eancia de compra.<\/p>\n<p>Por isso, na Dermo apresentamos uma grande variedade de op\u00e7\u00f5es <strong>purificadores de ar profissionais<\/strong> para que voc\u00ea possa escolher a op\u00e7\u00e3o que melhor se adapta ao seu neg\u00f3cio e ao seu p\u00fablico. Nossa ampla variedade de ofertas cativar\u00e1 seus sentidos e transformar\u00e1 qualquer experi\u00eancia em um prazer.<\/p>","protected":false},"excerpt":{"rendered":"<p>Hoje em dia, purificadores de ar s\u00e3o encontrados em quase todos os lugares: em casas, carros e ambientes de trabalho de todos os tipos. Suas fragr\u00e2ncias frutadas e de lim\u00e3o transformam banheiros e escrit\u00f3rios em espa\u00e7os limpos e frescos. Isso levou \u00e0 popularidade generalizada de purificadores de ar profissionais, que podem ser facilmente instalados em\u2026&nbsp;<a href=\"https:\/\/dermo.com\/pt\/a-importancia-dos-ambientadores-profissionais-em-escritorios-e-empresas\/\" rel=\"bookmark\">Ler mais \u00bb<span class=\"screen-reader-text\">A import\u00e2ncia dos ambientadores profissionais em escrit\u00f3rios e empresas<\/span><\/a><\/p>","protected":false},"author":13,"featured_media":8058,"comment_status":"closed","ping_status":"closed","sticky":false,"template":"","format":"standard","meta":{"neve_meta_sidebar":"","neve_meta_container":"","neve_meta_enable_content_width":"","neve_meta_content_width":0,"neve_meta_title_alignment":"","neve_meta_author_avatar":"","neve_post_elements_order":"","neve_meta_disable_header":"","neve_meta_disable_footer":"","neve_meta_disable_title":"","footnotes":""},"categories":[405],"tags":[],"class_list":["post-8019","post","type-post","status-publish","format-standard","has-post-thumbnail","hentry","category-ambientadores"],"yoast_head":"<!-- This site is optimized with the Yoast SEO plugin v27.0 - https:\/\/yoast.com\/product\/yoast-seo-wordpress\/ -->\n<title>La importancia de los ambientadores profesionales en oficinas y negocios - Dermo | F\u00e1brica de detergentes<\/title>\n<meta name=\"robots\" content=\"index, follow, max-snippet:-1, max-image-preview:large, max-video-preview:-1\" \/>\n<link rel=\"canonical\" href=\"https:\/\/dermo.com\/pt\/a-importancia-dos-ambientadores-profissionais-em-escritorios-e-empresas\/\" \/>\n<meta property=\"og:locale\" content=\"pt_PT\" \/>\n<meta property=\"og:type\" content=\"article\" \/>\n<meta property=\"og:title\" content=\"La importancia de los ambientadores profesionales en oficinas y negocios - Dermo | F\u00e1brica de detergentes\" \/>\n<meta property=\"og:description\" content=\"Hoy en d\u00eda, los ambientadores se encuentran en casi todas partes: en hogares, autom\u00f3viles y espacios de trabajo de todo tipo. Las fragancias ricas en frutas y lim\u00f3n transforman los ba\u00f1os y las oficinas en ambientes limpios y frescos. Esto le ha dado gran popularidad a los ambientadores profesionales, que se pueden instalar f\u00e1cilmente en&hellip;&nbsp;Ler mais &raquo;La importancia de los ambientadores profesionales en oficinas y negocios\" \/>\n<meta property=\"og:url\" content=\"https:\/\/dermo.com\/pt\/a-importancia-dos-ambientadores-profissionais-em-escritorios-e-empresas\/\" \/>\n<meta property=\"og:site_name\" content=\"Dermo | F\u00e1brica de detergentes\" \/>\n<meta property=\"article:published_time\" content=\"2021-07-02T05:25:46+00:00\" \/>\n<meta name=\"author\" content=\"Dermo\" \/>\n<meta name=\"twitter:card\" content=\"summary_large_image\" \/>\n<meta name=\"twitter:label1\" content=\"Escrito por\" \/>\n\t<meta name=\"twitter:data1\" content=\"Dermo\" \/>\n\t<meta name=\"twitter:label2\" content=\"Tempo estimado de leitura\" \/>\n\t<meta name=\"twitter:data2\" content=\"3 minutos\" \/>\n<script type=\"application\/ld+json\" class=\"yoast-schema-graph\">{\"@context\":\"https:\/\/schema.org\",\"@graph\":[{\"@type\":\"Article\",\"@id\":\"https:\/\/dermo.com\/la-importancia-de-los-ambientadores-profesionales-en-oficinas-y-negocios\/#article\",\"isPartOf\":{\"@id\":\"https:\/\/dermo.com\/la-importancia-de-los-ambientadores-profesionales-en-oficinas-y-negocios\/\"},\"author\":{\"name\":\"Dermo\",\"@id\":\"https:\/\/dermo.com\/#\/schema\/person\/ac27cc01a2f24a766f513d8767b7a9cc\"},\"headline\":\"La importancia de los ambientadores profesionales en oficinas y negocios\",\"datePublished\":\"2021-07-02T05:25:46+00:00\",\"mainEntityOfPage\":{\"@id\":\"https:\/\/dermo.com\/la-importancia-de-los-ambientadores-profesionales-en-oficinas-y-negocios\/\"},\"wordCount\":510,\"image\":{\"@id\":\"https:\/\/dermo.com\/la-importancia-de-los-ambientadores-profesionales-en-oficinas-y-negocios\/#primaryimage\"},\"thumbnailUrl\":\"https:\/\/dermo.com\/wp-content\/uploads\/2021\/07\/store-984393_1920.jpg\",\"articleSection\":[\"Ambientadores\"],\"inLanguage\":\"pt-PT\"},{\"@type\":\"WebPage\",\"@id\":\"https:\/\/dermo.com\/la-importancia-de-los-ambientadores-profesionales-en-oficinas-y-negocios\/\",\"url\":\"https:\/\/dermo.com\/la-importancia-de-los-ambientadores-profesionales-en-oficinas-y-negocios\/\",\"name\":\"La importancia de los ambientadores profesionales en oficinas y negocios - Dermo | F\u00e1brica de detergentes\",\"isPartOf\":{\"@id\":\"https:\/\/dermo.com\/#website\"},\"primaryImageOfPage\":{\"@id\":\"https:\/\/dermo.com\/la-importancia-de-los-ambientadores-profesionales-en-oficinas-y-negocios\/#primaryimage\"},\"image\":{\"@id\":\"https:\/\/dermo.com\/la-importancia-de-los-ambientadores-profesionales-en-oficinas-y-negocios\/#primaryimage\"},\"thumbnailUrl\":\"https:\/\/dermo.com\/wp-content\/uploads\/2021\/07\/store-984393_1920.jpg\",\"datePublished\":\"2021-07-02T05:25:46+00:00\",\"author\":{\"@id\":\"https:\/\/dermo.com\/#\/schema\/person\/ac27cc01a2f24a766f513d8767b7a9cc\"},\"breadcrumb\":{\"@id\":\"https:\/\/dermo.com\/la-importancia-de-los-ambientadores-profesionales-en-oficinas-y-negocios\/#breadcrumb\"},\"inLanguage\":\"pt-PT\",\"potentialAction\":[{\"@type\":\"ReadAction\",\"target\":[\"https:\/\/dermo.com\/la-importancia-de-los-ambientadores-profesionales-en-oficinas-y-negocios\/\"]}]},{\"@type\":\"ImageObject\",\"inLanguage\":\"pt-PT\",\"@id\":\"https:\/\/dermo.com\/la-importancia-de-los-ambientadores-profesionales-en-oficinas-y-negocios\/#primaryimage\",\"url\":\"https:\/\/dermo.com\/wp-content\/uploads\/2021\/07\/store-984393_1920.jpg\",\"contentUrl\":\"https:\/\/dermo.com\/wp-content\/uploads\/2021\/07\/store-984393_1920.jpg\",\"width\":1920,\"height\":1281},{\"@type\":\"BreadcrumbList\",\"@id\":\"https:\/\/dermo.com\/la-importancia-de-los-ambientadores-profesionales-en-oficinas-y-negocios\/#breadcrumb\",\"itemListElement\":[{\"@type\":\"ListItem\",\"position\":1,\"name\":\"Portada\",\"item\":\"https:\/\/dermo.com\/\"},{\"@type\":\"ListItem\",\"position\":2,\"name\":\"La importancia de los ambientadores profesionales en oficinas y negocios\"}]},{\"@type\":\"WebSite\",\"@id\":\"https:\/\/dermo.com\/#website\",\"url\":\"https:\/\/dermo.com\/\",\"name\":\"Dermo | F\u00e1brica de detergentes\",\"description\":\"Tecnolog\u00eda avanzada, investigaci\u00f3n y desarrollo, respeto por el medio ambiente, competencia, formaci\u00f3n constante y alto nivel de profesionalidad en nuestro equipo humano, empe\u00f1ado en preservar la calidad de vida, la protecci\u00f3n del entorno natural contin\u00faan motiv\u00e1ndonos para desarrollar en nuestros laboratorios nuevos productos con ingredientes activos altamente biodegradables que hacen posible un desarrollo sostenible.\",\"potentialAction\":[{\"@type\":\"SearchAction\",\"target\":{\"@type\":\"EntryPoint\",\"urlTemplate\":\"https:\/\/dermo.com\/?s={search_term_string}\"},\"query-input\":{\"@type\":\"PropertyValueSpecification\",\"valueRequired\":true,\"valueName\":\"search_term_string\"}}],\"inLanguage\":\"pt-PT\"},{\"@type\":\"Person\",\"@id\":\"https:\/\/dermo.com\/#\/schema\/person\/ac27cc01a2f24a766f513d8767b7a9cc\",\"name\":\"Dermo\",\"image\":{\"@type\":\"ImageObject\",\"inLanguage\":\"pt-PT\",\"@id\":\"https:\/\/dermo.com\/#\/schema\/person\/image\/\",\"url\":\"https:\/\/secure.gravatar.com\/avatar\/7eba6002b23dea60e0dc860bd97cde95790e225d6f8b1d4163c59346ee200999?s=96&d=mm&r=g\",\"contentUrl\":\"https:\/\/secure.gravatar.com\/avatar\/7eba6002b23dea60e0dc860bd97cde95790e225d6f8b1d4163c59346ee200999?s=96&d=mm&r=g\",\"caption\":\"Dermo\"},\"url\":\"https:\/\/dermo.com\/pt\/author\/dermo\/\"}]}<\/script>\n<!-- \/ Yoast SEO plugin. -->","yoast_head_json":{"title":"A import\u00e2ncia dos ambientadores profissionais em escrit\u00f3rios e empresas - Dermo | F\u00e1brica de detergentes","robots":{"index":"index","follow":"follow","max-snippet":"max-snippet:-1","max-image-preview":"max-image-preview:large","max-video-preview":"max-video-preview:-1"},"canonical":"https:\/\/dermo.com\/pt\/a-importancia-dos-ambientadores-profissionais-em-escritorios-e-empresas\/","og_locale":"pt_PT","og_type":"article","og_title":"La importancia de los ambientadores profesionales en oficinas y negocios - Dermo | F\u00e1brica de detergentes","og_description":"Hoy en d\u00eda, los ambientadores se encuentran en casi todas partes: en hogares, autom\u00f3viles y espacios de trabajo de todo tipo. Las fragancias ricas en frutas y lim\u00f3n transforman los ba\u00f1os y las oficinas en ambientes limpios y frescos. Esto le ha dado gran popularidad a los ambientadores profesionales, que se pueden instalar f\u00e1cilmente en&hellip;&nbsp;Ler mais &raquo;La importancia de los ambientadores profesionales en oficinas y negocios","og_url":"https:\/\/dermo.com\/pt\/a-importancia-dos-ambientadores-profissionais-em-escritorios-e-empresas\/","og_site_name":"Dermo | F\u00e1brica de detergentes","article_published_time":"2021-07-02T05:25:46+00:00","author":"Dermo","twitter_card":"summary_large_image","twitter_misc":{"Escrito por":"Dermo","Tempo estimado de leitura":"3 minutos"},"schema":{"@context":"https:\/\/schema.org","@graph":[{"@type":"Article","@id":"https:\/\/dermo.com\/la-importancia-de-los-ambientadores-profesionales-en-oficinas-y-negocios\/#article","isPartOf":{"@id":"https:\/\/dermo.com\/la-importancia-de-los-ambientadores-profesionales-en-oficinas-y-negocios\/"},"author":{"name":"Dermo","@id":"https:\/\/dermo.com\/#\/schema\/person\/ac27cc01a2f24a766f513d8767b7a9cc"},"headline":"La importancia de los ambientadores profesionales en oficinas y negocios","datePublished":"2021-07-02T05:25:46+00:00","mainEntityOfPage":{"@id":"https:\/\/dermo.com\/la-importancia-de-los-ambientadores-profesionales-en-oficinas-y-negocios\/"},"wordCount":510,"image":{"@id":"https:\/\/dermo.com\/la-importancia-de-los-ambientadores-profesionales-en-oficinas-y-negocios\/#primaryimage"},"thumbnailUrl":"https:\/\/dermo.com\/wp-content\/uploads\/2021\/07\/store-984393_1920.jpg","articleSection":["Ambientadores"],"inLanguage":"pt-PT"},{"@type":"WebPage","@id":"https:\/\/dermo.com\/la-importancia-de-los-ambientadores-profesionales-en-oficinas-y-negocios\/","url":"https:\/\/dermo.com\/la-importancia-de-los-ambientadores-profesionales-en-oficinas-y-negocios\/","name":"A import\u00e2ncia dos ambientadores profissionais em escrit\u00f3rios e empresas - Dermo | F\u00e1brica de detergentes","isPartOf":{"@id":"https:\/\/dermo.com\/#website"},"primaryImageOfPage":{"@id":"https:\/\/dermo.com\/la-importancia-de-los-ambientadores-profesionales-en-oficinas-y-negocios\/#primaryimage"},"image":{"@id":"https:\/\/dermo.com\/la-importancia-de-los-ambientadores-profesionales-en-oficinas-y-negocios\/#primaryimage"},"thumbnailUrl":"https:\/\/dermo.com\/wp-content\/uploads\/2021\/07\/store-984393_1920.jpg","datePublished":"2021-07-02T05:25:46+00:00","author":{"@id":"https:\/\/dermo.com\/#\/schema\/person\/ac27cc01a2f24a766f513d8767b7a9cc"},"breadcrumb":{"@id":"https:\/\/dermo.com\/la-importancia-de-los-ambientadores-profesionales-en-oficinas-y-negocios\/#breadcrumb"},"inLanguage":"pt-PT","potentialAction":[{"@type":"ReadAction","target":["https:\/\/dermo.com\/la-importancia-de-los-ambientadores-profesionales-en-oficinas-y-negocios\/"]}]},{"@type":"ImageObject","inLanguage":"pt-PT","@id":"https:\/\/dermo.com\/la-importancia-de-los-ambientadores-profesionales-en-oficinas-y-negocios\/#primaryimage","url":"https:\/\/dermo.com\/wp-content\/uploads\/2021\/07\/store-984393_1920.jpg","contentUrl":"https:\/\/dermo.com\/wp-content\/uploads\/2021\/07\/store-984393_1920.jpg","width":1920,"height":1281},{"@type":"BreadcrumbList","@id":"https:\/\/dermo.com\/la-importancia-de-los-ambientadores-profesionales-en-oficinas-y-negocios\/#breadcrumb","itemListElement":[{"@type":"ListItem","position":1,"name":"Portada","item":"https:\/\/dermo.com\/"},{"@type":"ListItem","position":2,"name":"La importancia de los ambientadores profesionales en oficinas y negocios"}]},{"@type":"WebSite","@id":"https:\/\/dermo.com\/#website","url":"https:\/\/dermo.com\/","name":"Dermo | f\u00e1brica de detergentes","description":"A tecnologia avan\u00e7ada, a investiga\u00e7\u00e3o e desenvolvimento, o respeito pelo ambiente, a compet\u00eancia, a forma\u00e7\u00e3o constante e o elevado n\u00edvel de profissionalismo da nossa equipa humana, comprometida com a preserva\u00e7\u00e3o da qualidade de vida, a protec\u00e7\u00e3o do ambiente natural continuam a motivar-nos a desenvolver novos produtos nos nossos laborat\u00f3rios com princ\u00edpios ativos altamente biodegrad\u00e1veis que possibilitam o desenvolvimento sustent\u00e1vel.","potentialAction":[{"@type":"SearchAction","target":{"@type":"EntryPoint","urlTemplate":"https:\/\/dermo.com\/?s={search_term_string}"},"query-input":{"@type":"PropertyValueSpecification","valueRequired":true,"valueName":"search_term_string"}}],"inLanguage":"pt-PT"},{"@type":"Person","@id":"https:\/\/dermo.com\/#\/schema\/person\/ac27cc01a2f24a766f513d8767b7a9cc","name":"Dermo","image":{"@type":"ImageObject","inLanguage":"pt-PT","@id":"https:\/\/dermo.com\/#\/schema\/person\/image\/","url":"https:\/\/secure.gravatar.com\/avatar\/7eba6002b23dea60e0dc860bd97cde95790e225d6f8b1d4163c59346ee200999?s=96&d=mm&r=g","contentUrl":"https:\/\/secure.gravatar.com\/avatar\/7eba6002b23dea60e0dc860bd97cde95790e225d6f8b1d4163c59346ee200999?s=96&d=mm&r=g","caption":"Dermo"},"url":"https:\/\/dermo.com\/pt\/author\/dermo\/"}]}},"_links":{"self":[{"href":"https:\/\/dermo.com\/pt\/wp-json\/wp\/v2\/posts\/8019","targetHints":{"allow":["GET"]}}],"collection":[{"href":"https:\/\/dermo.com\/pt\/wp-json\/wp\/v2\/posts"}],"about":[{"href":"https:\/\/dermo.com\/pt\/wp-json\/wp\/v2\/types\/post"}],"author":[{"embeddable":true,"href":"https:\/\/dermo.com\/pt\/wp-json\/wp\/v2\/users\/13"}],"replies":[{"embeddable":true,"href":"https:\/\/dermo.com\/pt\/wp-json\/wp\/v2\/comments?post=8019"}],"version-history":[{"count":0,"href":"https:\/\/dermo.com\/pt\/wp-json\/wp\/v2\/posts\/8019\/revisions"}],"wp:featuredmedia":[{"embeddable":true,"href":"https:\/\/dermo.com\/pt\/wp-json\/wp\/v2\/media\/8058"}],"wp:attachment":[{"href":"https:\/\/dermo.com\/pt\/wp-json\/wp\/v2\/media?parent=8019"}],"wp:term":[{"taxonomy":"category","embeddable":true,"href":"https:\/\/dermo.com\/pt\/wp-json\/wp\/v2\/categories?post=8019"},{"taxonomy":"post_tag","embeddable":true,"href":"https:\/\/dermo.com\/pt\/wp-json\/wp\/v2\/tags?post=8019"}],"curies":[{"name":"wp","href":"https:\/\/api.w.org\/{rel}","templated":true}]}}